{"id":4959,"date":"2026-08-25T12:03:14","date_gmt":"2026-08-25T12:03:14","guid":{"rendered":"https:\/\/jakubczyk.art\/?p=4959"},"modified":"2026-08-27T07:16:31","modified_gmt":"2026-08-27T07:16:31","slug":"letnia-wystawa-plenerowa-bulwar-dunikowskiego-wroclaw-copy","status":"publish","type":"post","link":"https:\/\/jakubczyk.art\/en\/letnia-wystawa-plenerowa-bulwar-dunikowskiego-wroclaw-copy\/","title":{"rendered":"Kino plenerowe zajezdnia Borek i wystawa"},"content":{"rendered":"<div data-elementor-type=\"wp-post\" data-elementor-id=\"4959\" class=\"elementor elementor-4959\">\n\t\t\t\t<div class=\"elementor-element elementor-element-250afb53 e-flex e-con-boxed wpr-particle-no wpr-jarallax-no wpr-parallax-no wpr-sticky-section-no wpr-column-slider-no wpr-equal-height-no e-con e-parent\" data-id=\"250afb53\" data-element_type=\"container\" data-e-type=\"container\" data-settings=\"{&quot;background_background&quot;:&quot;classic&quot;}\">\n\t\t\t\t\t<div class=\"e-con-inner\">\n\t\t\t\t<div class=\"elementor-element elementor-element-5c37730 elementor-widget elementor-widget-heading\" data-id=\"5c37730\" data-element_type=\"widget\" data-e-type=\"widget\" data-widget_type=\"heading.default\">\n\t\t\t\t<div class=\"elementor-widget-container\">\n\t\t\t\t\t<h2 class=\"elementor-heading-title elementor-size-default translation-block\">Next Friday 28.08.2026 we will meet under the stars at the Borek Depot! \r We invite you to an open screening of the film\u201d The Apprentice \" with Robert De Niro and Anne Hathaway.\r \r You can also see an exhibition of works by Andrzej Jakubczyk, a Wroc\u0142aw artist and public transport enthusiast.<\/h2>\t\t\t\t<\/div>\n\t\t\t\t<\/div>\n\t\t\t\t<div class=\"elementor-element elementor-element-1eda7c1 elementor-widget elementor-widget-text-editor\" data-id=\"1eda7c1\" data-element_type=\"widget\" data-e-type=\"widget\" data-widget_type=\"text-editor.default\">\n\t\t\t\t<div class=\"elementor-widget-container\">\n\t\t\t\t\t\t\t\t\t<p>Next Friday we will meet under the stars at the Borek Depot!\u00a0<br class=\"html-br\" \/>Let's remind you about the unique open screening of the film\u201d The Apprentice \" with Robert De Niro and Anne Hathaway. You will find a warm, humorous story about new problems, friendship and cooperation between generations.\u00a0<br class=\"html-br\" \/>You can also see an exhibition of works by Andrzej Jakubczyk, a Wroc\u0142aw artist and public transport enthusiast.<\/p>\t\t\t\t\t\t\t\t<\/div>\n\t\t\t\t<\/div>\n\t\t\t\t<div class=\"elementor-element elementor-element-efbbc51 elementor-widget elementor-widget-image\" data-id=\"efbbc51\" data-element_type=\"widget\" data-e-type=\"widget\" data-widget_type=\"image.default\">\n\t\t\t\t<div class=\"elementor-widget-container\">\n\t\t\t\t\t\t\t\t\t\t\t\t\t\t\t<img fetchpriority=\"high\" decoding=\"async\" width=\"800\" height=\"671\" src=\"https:\/\/jakubczyk.art\/wp-content\/uploads\/2026\/08\/Kino-Letnie-Zajezdania-Borek-28.08.2026.jpg\" class=\"attachment-large size-large wp-image-4960\" alt=\"\" srcset=\"https:\/\/jakubczyk.art\/wp-content\/uploads\/2026\/08\/Kino-Letnie-Zajezdania-Borek-28.08.2026.jpg 940w, https:\/\/jakubczyk.art\/wp-content\/uploads\/2026\/08\/Kino-Letnie-Zajezdania-Borek-28.08.2026-300x251.jpg 300w, https:\/\/jakubczyk.art\/wp-content\/uploads\/2026\/08\/Kino-Letnie-Zajezdania-Borek-28.08.2026-768x644.jpg 768w, https:\/\/jakubczyk.art\/wp-content\/uploads\/2026\/08\/Kino-Letnie-Zajezdania-Borek-28.08.2026-14x12.jpg 14w, https:\/\/jakubczyk.art\/wp-content\/uploads\/2026\/08\/Kino-Letnie-Zajezdania-Borek-28.08.2026-600x503.jpg 600w\" sizes=\"(max-width: 800px) 100vw, 800px\" \/>\t\t\t\t\t\t\t\t\t\t\t\t\t\t\t<\/div>\n\t\t\t\t<\/div>\n\t\t\t\t\t<\/div>\n\t\t\t\t<\/div>\n\t\t\t\t<\/div>","protected":false},"excerpt":{"rendered":"<p>Next Friday we will meet under the stars at the Borek Depot!<br \/>\nLet's remind you about the unique open screening of the film\u201d The Apprentice \" with Robert De Niro and Anne Hathaway. You will find a warm, humorous story about new problems, friendship and cooperation between generations.<br \/>\nDodatkowo b\u0119dzie mo\u017cna obejrze\u0107 wystaw\u0119 prac Andrzeja Jakubczyka, wroc\u0142awskiego malarza i mi\u0142o\u015bnika komunikacji miejskiej<\/p>","protected":false},"author":6,"featured_media":4960,"comment_status":"open","ping_status":"open","sticky":false,"template":"","format":"standard","meta":{"_kadence_starter_templates_imported_post":true,"footnotes":""},"categories":[25],"tags":[],"class_list":["post-4959","post","type-post","status-publish","format-standard","has-post-thumbnail","hentry","category-blogging"],"_links":{"self":[{"href":"https:\/\/jakubczyk.art\/en\/wp-json\/wp\/v2\/posts\/4959","targetHints":{"allow":["GET"]}}],"collection":[{"href":"https:\/\/jakubczyk.art\/en\/wp-json\/wp\/v2\/posts"}],"about":[{"href":"https:\/\/jakubczyk.art\/en\/wp-json\/wp\/v2\/types\/post"}],"author":[{"embeddable":true,"href":"https:\/\/jakubczyk.art\/en\/wp-json\/wp\/v2\/users\/6"}],"replies":[{"embeddable":true,"href":"https:\/\/jakubczyk.art\/en\/wp-json\/wp\/v2\/comments?post=4959"}],"version-history":[{"count":5,"href":"https:\/\/jakubczyk.art\/en\/wp-json\/wp\/v2\/posts\/4959\/revisions"}],"predecessor-version":[{"id":4966,"href":"https:\/\/jakubczyk.art\/en\/wp-json\/wp\/v2\/posts\/4959\/revisions\/4966"}],"wp:featuredmedia":[{"embeddable":true,"href":"https:\/\/jakubczyk.art\/en\/wp-json\/wp\/v2\/media\/4960"}],"wp:attachment":[{"href":"https:\/\/jakubczyk.art\/en\/wp-json\/wp\/v2\/media?parent=4959"}],"wp:term":[{"taxonomy":"category","embeddable":true,"href":"https:\/\/jakubczyk.art\/en\/wp-json\/wp\/v2\/categories?post=4959"},{"taxonomy":"post_tag","embeddable":true,"href":"https:\/\/jakubczyk.art\/en\/wp-json\/wp\/v2\/tags?post=4959"}],"curies":[{"name":"wp","href":"https:\/\/api.w.org\/{rel}","templated":true}]}}